{"id":7777,"date":"2020-04-03T13:38:00","date_gmt":"2020-04-03T11:38:00","guid":{"rendered":"https:\/\/www.visit-stari-grad.com\/?p=7777"},"modified":"2020-06-26T13:38:51","modified_gmt":"2020-06-26T11:38:51","slug":"ciscenje-i-dezinfekcija-prostorije-bez-oboljelih-od-covid-19","status":"publish","type":"post","link":"https:\/\/www.visit-stari-grad.com\/hr\/ciscenje-i-dezinfekcija-prostorije-bez-oboljelih-od-covid-19\/","title":{"rendered":"\u010ci\u0161\u0107enje-i-dezinfekcija-prostorije-bez-oboljelih-od-COVID-19"},"content":{"rendered":"\n<div class=\"wp-block-file\"><a href=\"https:\/\/www.visit-stari-grad.com\/wp-content\/uploads\/2020\/06\/Ciscenje-i-dezinfekcija-prostorije-bez-oboljelih-od-COVID-19-2.4.2020..pdf\">Ciscenje-i-dezinfekcija-prostorije-bez-oboljelih-od-COVID-19-2.4.2020.<\/a><a href=\"https:\/\/www.visit-stari-grad.com\/wp-content\/uploads\/2020\/06\/Ciscenje-i-dezinfekcija-prostorije-bez-oboljelih-od-COVID-19-2.4.2020..pdf\" class=\"wp-block-file__button\" download>Preuzmi<\/a><\/div>\n","protected":false},"excerpt":{"rendered":"","protected":false},"author":18,"featured_media":0,"comment_status":"open","ping_status":"open","sticky":false,"template":"","format":"standard","meta":{"site-sidebar-layout":"default","site-content-layout":"default","ast-site-content-layout":"default","site-content-style":"default","site-sidebar-style":"default","ast-global-header-display":"","ast-banner-title-visibility":"","ast-main-header-display":"","ast-hfb-above-header-display":"","ast-hfb-below-header-display":"","ast-hfb-mobile-header-display":"","site-post-title":"","ast-breadcrumbs-content":"","ast-featured-img":"","footer-sml-layout":"","ast-disable-related-posts":"","theme-transparent-header-meta":"default","adv-header-id-meta":"","stick-header-meta":"default","header-above-stick-meta":"","header-main-stick-meta":"","header-below-stick-meta":"","astra-migrate-meta-layouts":"default","ast-page-background-enabled":"default","ast-page-background-meta":{"desktop":{"background-color":"","background-image":"","background-repeat":"repeat","background-position":"center center","background-size":"auto","background-attachment":"scroll","background-type":"","background-media":"","overlay-type":"","overlay-color":"","overlay-opacity":"","overlay-gradient":""},"tablet":{"background-color":"","background-image":"","background-repeat":"repeat","background-position":"center center","background-size":"auto","background-attachment":"scroll","background-type":"","background-media":"","overlay-type":"","overlay-color":"","overlay-opacity":"","overlay-gradient":""},"mobile":{"background-color":"","background-image":"","background-repeat":"repeat","background-position":"center center","background-size":"auto","background-attachment":"scroll","background-type":"","background-media":"","overlay-type":"","overlay-color":"","overlay-opacity":"","overlay-gradient":""}},"ast-content-background-meta":{"desktop":{"background-color":"var(--ast-global-color-5)","background-image":"","background-repeat":"repeat","background-position":"center center","background-size":"auto","background-attachment":"scroll","background-type":"","background-media":"","overlay-type":"","overlay-color":"","overlay-opacity":"","overlay-gradient":""},"tablet":{"background-color":"var(--ast-global-color-5)","background-image":"","background-repeat":"repeat","background-position":"center center","background-size":"auto","background-attachment":"scroll","background-type":"","background-media":"","overlay-type":"","overlay-color":"","overlay-opacity":"","overlay-gradient":""},"mobile":{"background-color":"var(--ast-global-color-5)","background-image":"","background-repeat":"repeat","background-position":"center center","background-size":"auto","background-attachment":"scroll","background-type":"","background-media":"","overlay-type":"","overlay-color":"","overlay-opacity":"","overlay-gradient":""}},"footnotes":""},"categories":[1],"tags":[],"class_list":["post-7777","post","type-post","status-publish","format-standard","hentry","category-uncategorized-hr"],"yoast_head":"<!-- This site is optimized with the Yoast SEO plugin v27.5 - https:\/\/yoast.com\/product\/yoast-seo-wordpress\/ -->\n<title>\u010ci\u0161\u0107enje-i-dezinfekcija-prostorije-bez-oboljelih-od-COVID-19 - TZ Stari Grad Otok Hvar<\/title>\n<meta name=\"robots\" content=\"index, follow, max-snippet:-1, max-image-preview:large, max-video-preview:-1\" \/>\n<link rel=\"canonical\" href=\"https:\/\/www.visit-stari-grad.com\/hr\/ciscenje-i-dezinfekcija-prostorije-bez-oboljelih-od-covid-19\/\" \/>\n<meta property=\"og:locale\" content=\"hr_HR\" \/>\n<meta property=\"og:type\" content=\"article\" \/>\n<meta property=\"og:title\" content=\"\u010ci\u0161\u0107enje-i-dezinfekcija-prostorije-bez-oboljelih-od-COVID-19 - TZ Stari Grad Otok Hvar\" \/>\n<meta property=\"og:url\" content=\"https:\/\/www.visit-stari-grad.com\/hr\/ciscenje-i-dezinfekcija-prostorije-bez-oboljelih-od-covid-19\/\" \/>\n<meta property=\"og:site_name\" content=\"TZ Stari Grad Otok Hvar\" \/>\n<meta property=\"article:published_time\" content=\"2020-04-03T11:38:00+00:00\" \/>\n<meta property=\"article:modified_time\" content=\"2020-06-26T11:38:51+00:00\" \/>\n<meta name=\"author\" content=\"jaksa\" \/>\n<meta name=\"twitter:card\" content=\"summary_large_image\" \/>\n<meta name=\"twitter:label1\" content=\"Napisao\/la\" \/>\n\t<meta name=\"twitter:data1\" content=\"jaksa\" \/>\n<script type=\"application\/ld+json\" class=\"yoast-schema-graph\">{\"@context\":\"https:\\\/\\\/schema.org\",\"@graph\":[{\"@type\":\"Article\",\"@id\":\"https:\\\/\\\/www.visit-stari-grad.com\\\/hr\\\/ciscenje-i-dezinfekcija-prostorije-bez-oboljelih-od-covid-19\\\/#article\",\"isPartOf\":{\"@id\":\"https:\\\/\\\/www.visit-stari-grad.com\\\/hr\\\/ciscenje-i-dezinfekcija-prostorije-bez-oboljelih-od-covid-19\\\/\"},\"author\":{\"name\":\"jaksa\",\"@id\":\"https:\\\/\\\/www.visit-stari-grad.com\\\/hr\\\/#\\\/schema\\\/person\\\/76c1223b02d48707f6d6de648f46fb5d\"},\"headline\":\"\u010ci\u0161\u0107enje-i-dezinfekcija-prostorije-bez-oboljelih-od-COVID-19\",\"datePublished\":\"2020-04-03T11:38:00+00:00\",\"dateModified\":\"2020-06-26T11:38:51+00:00\",\"mainEntityOfPage\":{\"@id\":\"https:\\\/\\\/www.visit-stari-grad.com\\\/hr\\\/ciscenje-i-dezinfekcija-prostorije-bez-oboljelih-od-covid-19\\\/\"},\"wordCount\":5,\"commentCount\":0,\"publisher\":{\"@id\":\"https:\\\/\\\/www.visit-stari-grad.com\\\/hr\\\/#organization\"},\"articleSection\":[\"Uncategorized @hr\"],\"inLanguage\":\"hr\",\"potentialAction\":[{\"@type\":\"CommentAction\",\"name\":\"Comment\",\"target\":[\"https:\\\/\\\/www.visit-stari-grad.com\\\/hr\\\/ciscenje-i-dezinfekcija-prostorije-bez-oboljelih-od-covid-19\\\/#respond\"]}]},{\"@type\":\"WebPage\",\"@id\":\"https:\\\/\\\/www.visit-stari-grad.com\\\/hr\\\/ciscenje-i-dezinfekcija-prostorije-bez-oboljelih-od-covid-19\\\/\",\"url\":\"https:\\\/\\\/www.visit-stari-grad.com\\\/hr\\\/ciscenje-i-dezinfekcija-prostorije-bez-oboljelih-od-covid-19\\\/\",\"name\":\"\u010ci\u0161\u0107enje-i-dezinfekcija-prostorije-bez-oboljelih-od-COVID-19 - TZ Stari Grad Otok Hvar\",\"isPartOf\":{\"@id\":\"https:\\\/\\\/www.visit-stari-grad.com\\\/hr\\\/#website\"},\"datePublished\":\"2020-04-03T11:38:00+00:00\",\"dateModified\":\"2020-06-26T11:38:51+00:00\",\"breadcrumb\":{\"@id\":\"https:\\\/\\\/www.visit-stari-grad.com\\\/hr\\\/ciscenje-i-dezinfekcija-prostorije-bez-oboljelih-od-covid-19\\\/#breadcrumb\"},\"inLanguage\":\"hr\",\"potentialAction\":[{\"@type\":\"ReadAction\",\"target\":[\"https:\\\/\\\/www.visit-stari-grad.com\\\/hr\\\/ciscenje-i-dezinfekcija-prostorije-bez-oboljelih-od-covid-19\\\/\"]}]},{\"@type\":\"BreadcrumbList\",\"@id\":\"https:\\\/\\\/www.visit-stari-grad.com\\\/hr\\\/ciscenje-i-dezinfekcija-prostorije-bez-oboljelih-od-covid-19\\\/#breadcrumb\",\"itemListElement\":[{\"@type\":\"ListItem\",\"position\":1,\"name\":\"Po\u010detna stranica\",\"item\":\"https:\\\/\\\/www.visit-stari-grad.com\\\/hr\\\/\"},{\"@type\":\"ListItem\",\"position\":2,\"name\":\"\u010ci\u0161\u0107enje-i-dezinfekcija-prostorije-bez-oboljelih-od-COVID-19\"}]},{\"@type\":\"WebSite\",\"@id\":\"https:\\\/\\\/www.visit-stari-grad.com\\\/hr\\\/#website\",\"url\":\"https:\\\/\\\/www.visit-stari-grad.com\\\/hr\\\/\",\"name\":\"TZ Stari Grad Otok Hvar\",\"description\":\"Dobrodo\u0161li na slu\u017ebenu web stranicu Turisti\u010dke zajednice Grada Starog Grad-a na kojoj mo\u017eete prona\u0107i sve informacije za va\u0161 savr\u0161en odmor na otoku Hvaru.\",\"publisher\":{\"@id\":\"https:\\\/\\\/www.visit-stari-grad.com\\\/hr\\\/#organization\"},\"potentialAction\":[{\"@type\":\"SearchAction\",\"target\":{\"@type\":\"EntryPoint\",\"urlTemplate\":\"https:\\\/\\\/www.visit-stari-grad.com\\\/hr\\\/?s={search_term_string}\"},\"query-input\":{\"@type\":\"PropertyValueSpecification\",\"valueRequired\":true,\"valueName\":\"search_term_string\"}}],\"inLanguage\":\"hr\"},{\"@type\":\"Organization\",\"@id\":\"https:\\\/\\\/www.visit-stari-grad.com\\\/hr\\\/#organization\",\"name\":\"Turisti\u010dka zajednica grada Staroga Grada\",\"url\":\"https:\\\/\\\/www.visit-stari-grad.com\\\/hr\\\/\",\"logo\":{\"@type\":\"ImageObject\",\"inLanguage\":\"hr\",\"@id\":\"https:\\\/\\\/www.visit-stari-grad.com\\\/hr\\\/#\\\/schema\\\/logo\\\/image\\\/\",\"url\":\"https:\\\/\\\/www.visit-stari-grad.com\\\/wp-content\\\/uploads\\\/2019\\\/05\\\/logo_TZ_Stari_Grad_w.png\",\"contentUrl\":\"https:\\\/\\\/www.visit-stari-grad.com\\\/wp-content\\\/uploads\\\/2019\\\/05\\\/logo_TZ_Stari_Grad_w.png\",\"width\":256,\"height\":72,\"caption\":\"Turisti\u010dka zajednica grada Staroga Grada\"},\"image\":{\"@id\":\"https:\\\/\\\/www.visit-stari-grad.com\\\/hr\\\/#\\\/schema\\\/logo\\\/image\\\/\"}},{\"@type\":\"Person\",\"@id\":\"https:\\\/\\\/www.visit-stari-grad.com\\\/hr\\\/#\\\/schema\\\/person\\\/76c1223b02d48707f6d6de648f46fb5d\",\"name\":\"jaksa\",\"image\":{\"@type\":\"ImageObject\",\"inLanguage\":\"hr\",\"@id\":\"https:\\\/\\\/secure.gravatar.com\\\/avatar\\\/9988c69783eeddfb679a400c0cab1c91dbe36b542945718cc643b80e78f6a94c?s=96&d=mm&r=g\",\"url\":\"https:\\\/\\\/secure.gravatar.com\\\/avatar\\\/9988c69783eeddfb679a400c0cab1c91dbe36b542945718cc643b80e78f6a94c?s=96&d=mm&r=g\",\"contentUrl\":\"https:\\\/\\\/secure.gravatar.com\\\/avatar\\\/9988c69783eeddfb679a400c0cab1c91dbe36b542945718cc643b80e78f6a94c?s=96&d=mm&r=g\",\"caption\":\"jaksa\"}}]}<\/script>\n<!-- \/ Yoast SEO plugin. -->","yoast_head_json":{"title":"\u010ci\u0161\u0107enje-i-dezinfekcija-prostorije-bez-oboljelih-od-COVID-19 - TZ Stari Grad Otok Hvar","robots":{"index":"index","follow":"follow","max-snippet":"max-snippet:-1","max-image-preview":"max-image-preview:large","max-video-preview":"max-video-preview:-1"},"canonical":"https:\/\/www.visit-stari-grad.com\/hr\/ciscenje-i-dezinfekcija-prostorije-bez-oboljelih-od-covid-19\/","og_locale":"hr_HR","og_type":"article","og_title":"\u010ci\u0161\u0107enje-i-dezinfekcija-prostorije-bez-oboljelih-od-COVID-19 - TZ Stari Grad Otok Hvar","og_url":"https:\/\/www.visit-stari-grad.com\/hr\/ciscenje-i-dezinfekcija-prostorije-bez-oboljelih-od-covid-19\/","og_site_name":"TZ Stari Grad Otok Hvar","article_published_time":"2020-04-03T11:38:00+00:00","article_modified_time":"2020-06-26T11:38:51+00:00","author":"jaksa","twitter_card":"summary_large_image","twitter_misc":{"Napisao\/la":"jaksa"},"schema":{"@context":"https:\/\/schema.org","@graph":[{"@type":"Article","@id":"https:\/\/www.visit-stari-grad.com\/hr\/ciscenje-i-dezinfekcija-prostorije-bez-oboljelih-od-covid-19\/#article","isPartOf":{"@id":"https:\/\/www.visit-stari-grad.com\/hr\/ciscenje-i-dezinfekcija-prostorije-bez-oboljelih-od-covid-19\/"},"author":{"name":"jaksa","@id":"https:\/\/www.visit-stari-grad.com\/hr\/#\/schema\/person\/76c1223b02d48707f6d6de648f46fb5d"},"headline":"\u010ci\u0161\u0107enje-i-dezinfekcija-prostorije-bez-oboljelih-od-COVID-19","datePublished":"2020-04-03T11:38:00+00:00","dateModified":"2020-06-26T11:38:51+00:00","mainEntityOfPage":{"@id":"https:\/\/www.visit-stari-grad.com\/hr\/ciscenje-i-dezinfekcija-prostorije-bez-oboljelih-od-covid-19\/"},"wordCount":5,"commentCount":0,"publisher":{"@id":"https:\/\/www.visit-stari-grad.com\/hr\/#organization"},"articleSection":["Uncategorized @hr"],"inLanguage":"hr","potentialAction":[{"@type":"CommentAction","name":"Comment","target":["https:\/\/www.visit-stari-grad.com\/hr\/ciscenje-i-dezinfekcija-prostorije-bez-oboljelih-od-covid-19\/#respond"]}]},{"@type":"WebPage","@id":"https:\/\/www.visit-stari-grad.com\/hr\/ciscenje-i-dezinfekcija-prostorije-bez-oboljelih-od-covid-19\/","url":"https:\/\/www.visit-stari-grad.com\/hr\/ciscenje-i-dezinfekcija-prostorije-bez-oboljelih-od-covid-19\/","name":"\u010ci\u0161\u0107enje-i-dezinfekcija-prostorije-bez-oboljelih-od-COVID-19 - TZ Stari Grad Otok Hvar","isPartOf":{"@id":"https:\/\/www.visit-stari-grad.com\/hr\/#website"},"datePublished":"2020-04-03T11:38:00+00:00","dateModified":"2020-06-26T11:38:51+00:00","breadcrumb":{"@id":"https:\/\/www.visit-stari-grad.com\/hr\/ciscenje-i-dezinfekcija-prostorije-bez-oboljelih-od-covid-19\/#breadcrumb"},"inLanguage":"hr","potentialAction":[{"@type":"ReadAction","target":["https:\/\/www.visit-stari-grad.com\/hr\/ciscenje-i-dezinfekcija-prostorije-bez-oboljelih-od-covid-19\/"]}]},{"@type":"BreadcrumbList","@id":"https:\/\/www.visit-stari-grad.com\/hr\/ciscenje-i-dezinfekcija-prostorije-bez-oboljelih-od-covid-19\/#breadcrumb","itemListElement":[{"@type":"ListItem","position":1,"name":"Po\u010detna stranica","item":"https:\/\/www.visit-stari-grad.com\/hr\/"},{"@type":"ListItem","position":2,"name":"\u010ci\u0161\u0107enje-i-dezinfekcija-prostorije-bez-oboljelih-od-COVID-19"}]},{"@type":"WebSite","@id":"https:\/\/www.visit-stari-grad.com\/hr\/#website","url":"https:\/\/www.visit-stari-grad.com\/hr\/","name":"TZ Stari Grad Otok Hvar","description":"Dobrodo\u0161li na slu\u017ebenu web stranicu Turisti\u010dke zajednice Grada Starog Grad-a na kojoj mo\u017eete prona\u0107i sve informacije za va\u0161 savr\u0161en odmor na otoku Hvaru.","publisher":{"@id":"https:\/\/www.visit-stari-grad.com\/hr\/#organization"},"potentialAction":[{"@type":"SearchAction","target":{"@type":"EntryPoint","urlTemplate":"https:\/\/www.visit-stari-grad.com\/hr\/?s={search_term_string}"},"query-input":{"@type":"PropertyValueSpecification","valueRequired":true,"valueName":"search_term_string"}}],"inLanguage":"hr"},{"@type":"Organization","@id":"https:\/\/www.visit-stari-grad.com\/hr\/#organization","name":"Turisti\u010dka zajednica grada Staroga Grada","url":"https:\/\/www.visit-stari-grad.com\/hr\/","logo":{"@type":"ImageObject","inLanguage":"hr","@id":"https:\/\/www.visit-stari-grad.com\/hr\/#\/schema\/logo\/image\/","url":"https:\/\/www.visit-stari-grad.com\/wp-content\/uploads\/2019\/05\/logo_TZ_Stari_Grad_w.png","contentUrl":"https:\/\/www.visit-stari-grad.com\/wp-content\/uploads\/2019\/05\/logo_TZ_Stari_Grad_w.png","width":256,"height":72,"caption":"Turisti\u010dka zajednica grada Staroga Grada"},"image":{"@id":"https:\/\/www.visit-stari-grad.com\/hr\/#\/schema\/logo\/image\/"}},{"@type":"Person","@id":"https:\/\/www.visit-stari-grad.com\/hr\/#\/schema\/person\/76c1223b02d48707f6d6de648f46fb5d","name":"jaksa","image":{"@type":"ImageObject","inLanguage":"hr","@id":"https:\/\/secure.gravatar.com\/avatar\/9988c69783eeddfb679a400c0cab1c91dbe36b542945718cc643b80e78f6a94c?s=96&d=mm&r=g","url":"https:\/\/secure.gravatar.com\/avatar\/9988c69783eeddfb679a400c0cab1c91dbe36b542945718cc643b80e78f6a94c?s=96&d=mm&r=g","contentUrl":"https:\/\/secure.gravatar.com\/avatar\/9988c69783eeddfb679a400c0cab1c91dbe36b542945718cc643b80e78f6a94c?s=96&d=mm&r=g","caption":"jaksa"}}]}},"_links":{"self":[{"href":"https:\/\/www.visit-stari-grad.com\/hr\/wp-json\/wp\/v2\/posts\/7777","targetHints":{"allow":["GET"]}}],"collection":[{"href":"https:\/\/www.visit-stari-grad.com\/hr\/wp-json\/wp\/v2\/posts"}],"about":[{"href":"https:\/\/www.visit-stari-grad.com\/hr\/wp-json\/wp\/v2\/types\/post"}],"author":[{"embeddable":true,"href":"https:\/\/www.visit-stari-grad.com\/hr\/wp-json\/wp\/v2\/users\/18"}],"replies":[{"embeddable":true,"href":"https:\/\/www.visit-stari-grad.com\/hr\/wp-json\/wp\/v2\/comments?post=7777"}],"version-history":[{"count":0,"href":"https:\/\/www.visit-stari-grad.com\/hr\/wp-json\/wp\/v2\/posts\/7777\/revisions"}],"wp:attachment":[{"href":"https:\/\/www.visit-stari-grad.com\/hr\/wp-json\/wp\/v2\/media?parent=7777"}],"wp:term":[{"taxonomy":"category","embeddable":true,"href":"https:\/\/www.visit-stari-grad.com\/hr\/wp-json\/wp\/v2\/categories?post=7777"},{"taxonomy":"post_tag","embeddable":true,"href":"https:\/\/www.visit-stari-grad.com\/hr\/wp-json\/wp\/v2\/tags?post=7777"}],"curies":[{"name":"wp","href":"https:\/\/api.w.org\/{rel}","templated":true}]}}